{"id":10606,"date":"2020-03-30T18:59:16","date_gmt":"2020-03-30T16:59:16","guid":{"rendered":"https:\/\/sunranxx.com\/despues-de-la-tempestad-volvera-la-calma\/"},"modified":"2020-03-30T19:00:15","modified_gmt":"2020-03-30T17:00:15","slug":"despues-de-la-tempestad-volvera-la-calma","status":"publish","type":"post","link":"https:\/\/sunranxx.com\/es\/despues-de-la-tempestad-volvera-la-calma\/","title":{"rendered":"Despu\u00e9s de la tormenta, \u00a1volver\u00e1 la calma!"},"content":{"rendered":"\n<p>Dicen que no sabemos lo que tenemos hasta que lo perdemos. La libertad, la familia, la amistad, la diversi\u00f3n. Desafortunadamente hay momentos, como ahora, que te lo sacan y parece que todo tambalea. Quiz\u00e1s ser libres ha terminado durante una temporada&#8230; Vienen tiempos dif\u00edciles, de confinamiento, de estr\u00e9s y quiz\u00e1s de desesperaci\u00f3n&#8230; Estamos pasando por una tormenta y no una cualquiera. Por ello, debemos saber afrontarla tal como nos recomiendan los expertos: qued\u00e1ndonos en casa. \u00a1Confinarnos bajo la esperanza y el deseo de volver a vivir de una forma llena!<\/p>\n\n<p>Dicen, tambi\u00e9n, que despu\u00e9s de la tormenta, siempre llega la calma. Y, de esta crisis, saldremos renovados. Valoraremos m\u00e1s los peque\u00f1os detalles que nos hacen sentir vivos, aquellos que nos hacen experimentar sensaciones nuevas. Sobre todo, valoraremos ser libres de nuevo y poder disfrutar sin impedimentos, con la familia y los amigos, de todo aquello que nos hace felices. \u00a1Y tenemos la mejor noticia para cuando ese momento llegue! Podremos empezar el verano mejor que nunca: los d\u00edas 8, 9 y 10 de julio, llega el SunRanxx; festival art\u00edstico y gastron\u00f3mico repleto de artistas de diferentes modalidades dispuestos a activarte los cinco sentidos.<\/p>\n\n<p>El SunRanxx &#8211; Rural Artistic Experience ser\u00e1 la celebraci\u00f3n ideal para retomar nuestra libertad e intentar recuperar el tiempo perdido. Un festival que, adem\u00e1s, a\u00f1ade un sexto sentido bajo el nombre de compromiso. Compromiso con la inclusividad social y tambi\u00e9n con la sostenibilidad medioambiental. El objetivo principal es conseguir una vivencia sensorial completa, as\u00ed que, \u00a1d\u00e9jate sorprender!<\/p>\n\n<p>\u00a1Volveremos a ser libres, volveremos a disfrutar de la naturaleza, del arte, de las emociones, de los gustos&#8230;!<\/p>\n\n<p><\/p>\n","protected":false},"excerpt":{"rendered":"<p>Dicen que no sabemos lo que tenemos hasta que lo perdemos. La libertad, la familia, la amistad, la diversi\u00f3n. Desafortunadamente hay momentos, como ahora, que te lo sacan y parece que todo tambalea. Quiz\u00e1s ser libres ha terminado durante una temporada&#8230; Vienen tiempos dif\u00edciles, de confinamiento, de estr\u00e9s y quiz\u00e1s de desesperaci\u00f3n&#8230; Estamos pasando por [&hellip;]<\/p>\n","protected":false},"author":2,"featured_media":10550,"comment_status":"open","ping_status":"open","sticky":false,"template":"","format":"standard","meta":{"footnotes":""},"categories":[37],"tags":[],"class_list":["post-10606","post","type-post","status-publish","format-standard","has-post-thumbnail","hentry","category-noticias"],"yoast_head":"<!-- This site is optimized with the Yoast SEO plugin v27.4 - https:\/\/yoast.com\/product\/yoast-seo-wordpress\/ -->\n<title>Despu\u00e9s de la tormenta, \u00a1volver\u00e1 la calma! - al festival cultural Sun Ranxx<\/title>\n<meta name=\"robots\" content=\"index, follow, max-snippet:-1, max-image-preview:large, max-video-preview:-1\" \/>\n<link rel=\"canonical\" href=\"https:\/\/sunranxx.com\/es\/despues-de-la-tempestad-volvera-la-calma\/\" \/>\n<meta property=\"og:locale\" content=\"es_ES\" \/>\n<meta property=\"og:type\" content=\"article\" \/>\n<meta property=\"og:title\" content=\"Despu\u00e9s de la tormenta, \u00a1volver\u00e1 la calma! - al festival cultural Sun Ranxx\" \/>\n<meta property=\"og:description\" content=\"Dicen que no sabemos lo que tenemos hasta que lo perdemos. La libertad, la familia, la amistad, la diversi\u00f3n. Desafortunadamente hay momentos, como ahora, que te lo sacan y parece que todo tambalea. Quiz\u00e1s ser libres ha terminado durante una temporada&#8230; Vienen tiempos dif\u00edciles, de confinamiento, de estr\u00e9s y quiz\u00e1s de desesperaci\u00f3n&#8230; Estamos pasando por [&hellip;]\" \/>\n<meta property=\"og:url\" content=\"https:\/\/sunranxx.com\/es\/despues-de-la-tempestad-volvera-la-calma\/\" \/>\n<meta property=\"og:site_name\" content=\"Sunranxx\" \/>\n<meta property=\"article:published_time\" content=\"2020-03-30T16:59:16+00:00\" \/>\n<meta property=\"article:modified_time\" content=\"2020-03-30T17:00:15+00:00\" \/>\n<meta property=\"og:image\" content=\"https:\/\/sunranxx.com\/wp-content\/uploads\/2020\/03\/festival-artistico.jpg\" \/>\n\t<meta property=\"og:image:width\" content=\"500\" \/>\n\t<meta property=\"og:image:height\" content=\"333\" \/>\n\t<meta property=\"og:image:type\" content=\"image\/jpeg\" \/>\n<meta name=\"author\" content=\"Guillem Pujols\" \/>\n<meta name=\"twitter:card\" content=\"summary_large_image\" \/>\n<meta name=\"twitter:label1\" content=\"Escrito por\" \/>\n\t<meta name=\"twitter:data1\" content=\"Guillem Pujols\" \/>\n\t<meta name=\"twitter:label2\" content=\"Tiempo de lectura\" \/>\n\t<meta name=\"twitter:data2\" content=\"1 minuto\" \/>\n<script type=\"application\/ld+json\" class=\"yoast-schema-graph\">{\"@context\":\"https:\\\/\\\/schema.org\",\"@graph\":[{\"@type\":\"Article\",\"@id\":\"https:\\\/\\\/sunranxx.com\\\/es\\\/despues-de-la-tempestad-volvera-la-calma\\\/#article\",\"isPartOf\":{\"@id\":\"https:\\\/\\\/sunranxx.com\\\/es\\\/despues-de-la-tempestad-volvera-la-calma\\\/\"},\"author\":{\"name\":\"Guillem Pujols\",\"@id\":\"https:\\\/\\\/sunranxx.com\\\/es\\\/#\\\/schema\\\/person\\\/a01658a7af37f1763585433da47b54a4\"},\"headline\":\"Despu\u00e9s de la tormenta, \u00a1volver\u00e1 la calma!\",\"datePublished\":\"2020-03-30T16:59:16+00:00\",\"dateModified\":\"2020-03-30T17:00:15+00:00\",\"mainEntityOfPage\":{\"@id\":\"https:\\\/\\\/sunranxx.com\\\/es\\\/despues-de-la-tempestad-volvera-la-calma\\\/\"},\"wordCount\":292,\"commentCount\":0,\"publisher\":{\"@id\":\"https:\\\/\\\/sunranxx.com\\\/es\\\/#organization\"},\"image\":{\"@id\":\"https:\\\/\\\/sunranxx.com\\\/es\\\/despues-de-la-tempestad-volvera-la-calma\\\/#primaryimage\"},\"thumbnailUrl\":\"https:\\\/\\\/sunranxx.com\\\/wp-content\\\/uploads\\\/2020\\\/03\\\/festival-artistico.jpg\",\"articleSection\":[\"Noticias\"],\"inLanguage\":\"es\",\"potentialAction\":[{\"@type\":\"CommentAction\",\"name\":\"Comment\",\"target\":[\"https:\\\/\\\/sunranxx.com\\\/es\\\/despues-de-la-tempestad-volvera-la-calma\\\/#respond\"]}]},{\"@type\":\"WebPage\",\"@id\":\"https:\\\/\\\/sunranxx.com\\\/es\\\/despues-de-la-tempestad-volvera-la-calma\\\/\",\"url\":\"https:\\\/\\\/sunranxx.com\\\/es\\\/despues-de-la-tempestad-volvera-la-calma\\\/\",\"name\":\"Despu\u00e9s de la tormenta, \u00a1volver\u00e1 la calma! - al festival cultural Sun Ranxx\",\"isPartOf\":{\"@id\":\"https:\\\/\\\/sunranxx.com\\\/es\\\/#website\"},\"primaryImageOfPage\":{\"@id\":\"https:\\\/\\\/sunranxx.com\\\/es\\\/despues-de-la-tempestad-volvera-la-calma\\\/#primaryimage\"},\"image\":{\"@id\":\"https:\\\/\\\/sunranxx.com\\\/es\\\/despues-de-la-tempestad-volvera-la-calma\\\/#primaryimage\"},\"thumbnailUrl\":\"https:\\\/\\\/sunranxx.com\\\/wp-content\\\/uploads\\\/2020\\\/03\\\/festival-artistico.jpg\",\"datePublished\":\"2020-03-30T16:59:16+00:00\",\"dateModified\":\"2020-03-30T17:00:15+00:00\",\"breadcrumb\":{\"@id\":\"https:\\\/\\\/sunranxx.com\\\/es\\\/despues-de-la-tempestad-volvera-la-calma\\\/#breadcrumb\"},\"inLanguage\":\"es\",\"potentialAction\":[{\"@type\":\"ReadAction\",\"target\":[\"https:\\\/\\\/sunranxx.com\\\/es\\\/despues-de-la-tempestad-volvera-la-calma\\\/\"]}]},{\"@type\":\"ImageObject\",\"inLanguage\":\"es\",\"@id\":\"https:\\\/\\\/sunranxx.com\\\/es\\\/despues-de-la-tempestad-volvera-la-calma\\\/#primaryimage\",\"url\":\"https:\\\/\\\/sunranxx.com\\\/wp-content\\\/uploads\\\/2020\\\/03\\\/festival-artistico.jpg\",\"contentUrl\":\"https:\\\/\\\/sunranxx.com\\\/wp-content\\\/uploads\\\/2020\\\/03\\\/festival-artistico.jpg\",\"width\":500,\"height\":333,\"caption\":\"festival artistico\"},{\"@type\":\"BreadcrumbList\",\"@id\":\"https:\\\/\\\/sunranxx.com\\\/es\\\/despues-de-la-tempestad-volvera-la-calma\\\/#breadcrumb\",\"itemListElement\":[{\"@type\":\"ListItem\",\"position\":1,\"name\":\"Inici\",\"item\":\"https:\\\/\\\/sunranxx.com\\\/es\\\/home-esp\\\/\"},{\"@type\":\"ListItem\",\"position\":2,\"name\":\"Despu\u00e9s de la tormenta, \u00a1volver\u00e1 la calma!\"}]},{\"@type\":\"WebSite\",\"@id\":\"https:\\\/\\\/sunranxx.com\\\/es\\\/#website\",\"url\":\"https:\\\/\\\/sunranxx.com\\\/es\\\/\",\"name\":\"Sunranxx\",\"description\":\"Per escapar de la monotonia i ens deixem sorprendre sensorialment.\",\"publisher\":{\"@id\":\"https:\\\/\\\/sunranxx.com\\\/es\\\/#organization\"},\"potentialAction\":[{\"@type\":\"SearchAction\",\"target\":{\"@type\":\"EntryPoint\",\"urlTemplate\":\"https:\\\/\\\/sunranxx.com\\\/es\\\/?s={search_term_string}\"},\"query-input\":{\"@type\":\"PropertyValueSpecification\",\"valueRequired\":true,\"valueName\":\"search_term_string\"}}],\"inLanguage\":\"es\"},{\"@type\":\"Organization\",\"@id\":\"https:\\\/\\\/sunranxx.com\\\/es\\\/#organization\",\"name\":\"Sunranxx\",\"url\":\"https:\\\/\\\/sunranxx.com\\\/es\\\/\",\"logo\":{\"@type\":\"ImageObject\",\"inLanguage\":\"es\",\"@id\":\"https:\\\/\\\/sunranxx.com\\\/es\\\/#\\\/schema\\\/logo\\\/image\\\/\",\"url\":\"https:\\\/\\\/sunranxx.com\\\/wp-content\\\/uploads\\\/2020\\\/04\\\/ranxx-group.jpg\",\"contentUrl\":\"https:\\\/\\\/sunranxx.com\\\/wp-content\\\/uploads\\\/2020\\\/04\\\/ranxx-group.jpg\",\"width\":960,\"height\":960,\"caption\":\"Sunranxx\"},\"image\":{\"@id\":\"https:\\\/\\\/sunranxx.com\\\/es\\\/#\\\/schema\\\/logo\\\/image\\\/\"}},{\"@type\":\"Person\",\"@id\":\"https:\\\/\\\/sunranxx.com\\\/es\\\/#\\\/schema\\\/person\\\/a01658a7af37f1763585433da47b54a4\",\"name\":\"Guillem Pujols\",\"image\":{\"@type\":\"ImageObject\",\"inLanguage\":\"es\",\"@id\":\"https:\\\/\\\/secure.gravatar.com\\\/avatar\\\/d58eae45a5b84d4155cb74fb7d69c96e671e960818a8c829f87eb179a0987c8e?s=96&d=wavatar&r=g\",\"url\":\"https:\\\/\\\/secure.gravatar.com\\\/avatar\\\/d58eae45a5b84d4155cb74fb7d69c96e671e960818a8c829f87eb179a0987c8e?s=96&d=wavatar&r=g\",\"contentUrl\":\"https:\\\/\\\/secure.gravatar.com\\\/avatar\\\/d58eae45a5b84d4155cb74fb7d69c96e671e960818a8c829f87eb179a0987c8e?s=96&d=wavatar&r=g\",\"caption\":\"Guillem Pujols\"}}]}<\/script>\n<!-- \/ Yoast SEO plugin. -->","yoast_head_json":{"title":"Despu\u00e9s de la tormenta, \u00a1volver\u00e1 la calma! - al festival cultural Sun Ranxx","robots":{"index":"index","follow":"follow","max-snippet":"max-snippet:-1","max-image-preview":"max-image-preview:large","max-video-preview":"max-video-preview:-1"},"canonical":"https:\/\/sunranxx.com\/es\/despues-de-la-tempestad-volvera-la-calma\/","og_locale":"es_ES","og_type":"article","og_title":"Despu\u00e9s de la tormenta, \u00a1volver\u00e1 la calma! - al festival cultural Sun Ranxx","og_description":"Dicen que no sabemos lo que tenemos hasta que lo perdemos. La libertad, la familia, la amistad, la diversi\u00f3n. Desafortunadamente hay momentos, como ahora, que te lo sacan y parece que todo tambalea. Quiz\u00e1s ser libres ha terminado durante una temporada&#8230; Vienen tiempos dif\u00edciles, de confinamiento, de estr\u00e9s y quiz\u00e1s de desesperaci\u00f3n&#8230; Estamos pasando por [&hellip;]","og_url":"https:\/\/sunranxx.com\/es\/despues-de-la-tempestad-volvera-la-calma\/","og_site_name":"Sunranxx","article_published_time":"2020-03-30T16:59:16+00:00","article_modified_time":"2020-03-30T17:00:15+00:00","og_image":[{"width":500,"height":333,"url":"https:\/\/sunranxx.com\/wp-content\/uploads\/2020\/03\/festival-artistico.jpg","type":"image\/jpeg"}],"author":"Guillem Pujols","twitter_card":"summary_large_image","twitter_misc":{"Escrito por":"Guillem Pujols","Tiempo de lectura":"1 minuto"},"schema":{"@context":"https:\/\/schema.org","@graph":[{"@type":"Article","@id":"https:\/\/sunranxx.com\/es\/despues-de-la-tempestad-volvera-la-calma\/#article","isPartOf":{"@id":"https:\/\/sunranxx.com\/es\/despues-de-la-tempestad-volvera-la-calma\/"},"author":{"name":"Guillem Pujols","@id":"https:\/\/sunranxx.com\/es\/#\/schema\/person\/a01658a7af37f1763585433da47b54a4"},"headline":"Despu\u00e9s de la tormenta, \u00a1volver\u00e1 la calma!","datePublished":"2020-03-30T16:59:16+00:00","dateModified":"2020-03-30T17:00:15+00:00","mainEntityOfPage":{"@id":"https:\/\/sunranxx.com\/es\/despues-de-la-tempestad-volvera-la-calma\/"},"wordCount":292,"commentCount":0,"publisher":{"@id":"https:\/\/sunranxx.com\/es\/#organization"},"image":{"@id":"https:\/\/sunranxx.com\/es\/despues-de-la-tempestad-volvera-la-calma\/#primaryimage"},"thumbnailUrl":"https:\/\/sunranxx.com\/wp-content\/uploads\/2020\/03\/festival-artistico.jpg","articleSection":["Noticias"],"inLanguage":"es","potentialAction":[{"@type":"CommentAction","name":"Comment","target":["https:\/\/sunranxx.com\/es\/despues-de-la-tempestad-volvera-la-calma\/#respond"]}]},{"@type":"WebPage","@id":"https:\/\/sunranxx.com\/es\/despues-de-la-tempestad-volvera-la-calma\/","url":"https:\/\/sunranxx.com\/es\/despues-de-la-tempestad-volvera-la-calma\/","name":"Despu\u00e9s de la tormenta, \u00a1volver\u00e1 la calma! - al festival cultural Sun Ranxx","isPartOf":{"@id":"https:\/\/sunranxx.com\/es\/#website"},"primaryImageOfPage":{"@id":"https:\/\/sunranxx.com\/es\/despues-de-la-tempestad-volvera-la-calma\/#primaryimage"},"image":{"@id":"https:\/\/sunranxx.com\/es\/despues-de-la-tempestad-volvera-la-calma\/#primaryimage"},"thumbnailUrl":"https:\/\/sunranxx.com\/wp-content\/uploads\/2020\/03\/festival-artistico.jpg","datePublished":"2020-03-30T16:59:16+00:00","dateModified":"2020-03-30T17:00:15+00:00","breadcrumb":{"@id":"https:\/\/sunranxx.com\/es\/despues-de-la-tempestad-volvera-la-calma\/#breadcrumb"},"inLanguage":"es","potentialAction":[{"@type":"ReadAction","target":["https:\/\/sunranxx.com\/es\/despues-de-la-tempestad-volvera-la-calma\/"]}]},{"@type":"ImageObject","inLanguage":"es","@id":"https:\/\/sunranxx.com\/es\/despues-de-la-tempestad-volvera-la-calma\/#primaryimage","url":"https:\/\/sunranxx.com\/wp-content\/uploads\/2020\/03\/festival-artistico.jpg","contentUrl":"https:\/\/sunranxx.com\/wp-content\/uploads\/2020\/03\/festival-artistico.jpg","width":500,"height":333,"caption":"festival artistico"},{"@type":"BreadcrumbList","@id":"https:\/\/sunranxx.com\/es\/despues-de-la-tempestad-volvera-la-calma\/#breadcrumb","itemListElement":[{"@type":"ListItem","position":1,"name":"Inici","item":"https:\/\/sunranxx.com\/es\/home-esp\/"},{"@type":"ListItem","position":2,"name":"Despu\u00e9s de la tormenta, \u00a1volver\u00e1 la calma!"}]},{"@type":"WebSite","@id":"https:\/\/sunranxx.com\/es\/#website","url":"https:\/\/sunranxx.com\/es\/","name":"Sunranxx","description":"Per escapar de la monotonia i ens deixem sorprendre sensorialment.","publisher":{"@id":"https:\/\/sunranxx.com\/es\/#organization"},"potentialAction":[{"@type":"SearchAction","target":{"@type":"EntryPoint","urlTemplate":"https:\/\/sunranxx.com\/es\/?s={search_term_string}"},"query-input":{"@type":"PropertyValueSpecification","valueRequired":true,"valueName":"search_term_string"}}],"inLanguage":"es"},{"@type":"Organization","@id":"https:\/\/sunranxx.com\/es\/#organization","name":"Sunranxx","url":"https:\/\/sunranxx.com\/es\/","logo":{"@type":"ImageObject","inLanguage":"es","@id":"https:\/\/sunranxx.com\/es\/#\/schema\/logo\/image\/","url":"https:\/\/sunranxx.com\/wp-content\/uploads\/2020\/04\/ranxx-group.jpg","contentUrl":"https:\/\/sunranxx.com\/wp-content\/uploads\/2020\/04\/ranxx-group.jpg","width":960,"height":960,"caption":"Sunranxx"},"image":{"@id":"https:\/\/sunranxx.com\/es\/#\/schema\/logo\/image\/"}},{"@type":"Person","@id":"https:\/\/sunranxx.com\/es\/#\/schema\/person\/a01658a7af37f1763585433da47b54a4","name":"Guillem Pujols","image":{"@type":"ImageObject","inLanguage":"es","@id":"https:\/\/secure.gravatar.com\/avatar\/d58eae45a5b84d4155cb74fb7d69c96e671e960818a8c829f87eb179a0987c8e?s=96&d=wavatar&r=g","url":"https:\/\/secure.gravatar.com\/avatar\/d58eae45a5b84d4155cb74fb7d69c96e671e960818a8c829f87eb179a0987c8e?s=96&d=wavatar&r=g","contentUrl":"https:\/\/secure.gravatar.com\/avatar\/d58eae45a5b84d4155cb74fb7d69c96e671e960818a8c829f87eb179a0987c8e?s=96&d=wavatar&r=g","caption":"Guillem Pujols"}}]}},"brizy_media":[],"_links":{"self":[{"href":"https:\/\/sunranxx.com\/es\/wp-json\/wp\/v2\/posts\/10606","targetHints":{"allow":["GET"]}}],"collection":[{"href":"https:\/\/sunranxx.com\/es\/wp-json\/wp\/v2\/posts"}],"about":[{"href":"https:\/\/sunranxx.com\/es\/wp-json\/wp\/v2\/types\/post"}],"author":[{"embeddable":true,"href":"https:\/\/sunranxx.com\/es\/wp-json\/wp\/v2\/users\/2"}],"replies":[{"embeddable":true,"href":"https:\/\/sunranxx.com\/es\/wp-json\/wp\/v2\/comments?post=10606"}],"version-history":[{"count":3,"href":"https:\/\/sunranxx.com\/es\/wp-json\/wp\/v2\/posts\/10606\/revisions"}],"predecessor-version":[{"id":10609,"href":"https:\/\/sunranxx.com\/es\/wp-json\/wp\/v2\/posts\/10606\/revisions\/10609"}],"wp:featuredmedia":[{"embeddable":true,"href":"https:\/\/sunranxx.com\/es\/wp-json\/wp\/v2\/media\/10550"}],"wp:attachment":[{"href":"https:\/\/sunranxx.com\/es\/wp-json\/wp\/v2\/media?parent=10606"}],"wp:term":[{"taxonomy":"category","embeddable":true,"href":"https:\/\/sunranxx.com\/es\/wp-json\/wp\/v2\/categories?post=10606"},{"taxonomy":"post_tag","embeddable":true,"href":"https:\/\/sunranxx.com\/es\/wp-json\/wp\/v2\/tags?post=10606"}],"curies":[{"name":"wp","href":"https:\/\/api.w.org\/{rel}","templated":true}]}}